{"id":992,"date":"2021-12-09T09:20:12","date_gmt":"2021-12-09T09:20:12","guid":{"rendered":"https:\/\/fincamps.com\/ca\/?p=992"},"modified":"2021-12-09T09:20:12","modified_gmt":"2021-12-09T09:20:12","slug":"com-puc-afrontar-la-venda-del-meu-pis-amb-aquesta-crisi","status":"publish","type":"post","link":"https:\/\/fincamps.com\/ca\/2021\/12\/09\/com-puc-afrontar-la-venda-del-meu-pis-amb-aquesta-crisi\/","title":{"rendered":"Com puc afrontar la venda del meu pis amb aquesta crisi?"},"content":{"rendered":"<p>Si vols vendre el teu pis, per\u00f2 est\u00e0s preocupat per la crisi econ\u00f2mica que pot venir generada per aquesta pand\u00e8mia mundial del coronavirus, no sofreixis. El millor que pots fer \u00e9s confiar en una <a href=\"https:\/\/fincamps.com\/ca\/\"><strong>immobili\u00e0ria<\/strong><\/a>, ja que est\u00e0 especialitzada en la compra venda d&#8217;immobles i podr\u00e0 assessorar-te de la millor manera i explicar-te, de manera transparent, totes les possibilitats que tens i quina \u00e9s la manera m\u00e9s adequada de poder vendre el teu immoble, sense perdre massa diners.<\/p>\n<p>\u00c9s molt possible que el preu de l&#8217;habitatge baixi, despr\u00e9s de tota aquesta aturada econ\u00f2mica que ha vingut provocat pel confinament, per a combatre el coronavirus. Per aix\u00f2, \u00e9s molt important que confi\u00efs en una <strong>immobili\u00e0ria<\/strong>, ja que ser\u00e0 la manera de treure el m\u00e0xim partit al teu immoble, per a crear un anunci del teu habitatge de la forma m\u00e9s atractiva possible.<\/p>\n<p>Encara que hagis de baixar el preu del teu habitatge, \u00e9s important tenir en compte tots aquells beneficis amb els quals compta el teu habitatge, per a justificar el preu que li posar\u00e0s.\u00a0 Com a <strong>immobili\u00e0ria<\/strong>, el primer que farem \u00e9s mirar quin preu marca el mercat a cada moment, per\u00f2 tamb\u00e9 farem una llista d&#8217;avantatges i de valors afegits que poden destacar-se en l&#8217;anunci, per a vendre el teu pis.<\/p>\n<p><img loading=\"lazy\" decoding=\"async\" class=\"aligncenter wp-image-284 size-full\" src=\"https:\/\/fincamps.com\/wp-content\/uploads\/2020\/04\/inmobiliaria-2.jpg\" alt=\"\" width=\"626\" height=\"417\" srcset=\"https:\/\/fincamps.com\/wp-content\/uploads\/2020\/04\/inmobiliaria-2.jpg 626w, https:\/\/fincamps.com\/wp-content\/uploads\/2020\/04\/inmobiliaria-2-300x200.jpg 300w\" sizes=\"auto, (max-width: 626px) 100vw, 626px\" \/><\/p>\n<h2>Quins poden ser aquests valors afegits?<\/h2>\n<p>Una de les coses que m\u00e9s valoren els compradors \u00e9s la ubicaci\u00f3 de l&#8217;immoble.\u00a0 De manera que, si el teu pis est\u00e0 prop del centre de la ciutat, dels serveis essencials o de zones verdes, per exemple, \u00e9s important destacar-lo.<\/p>\n<p>Un altre dels factors decisius de compra \u00e9s l&#8217;orientaci\u00f3 del pis. Si en el teu habitatge entra molta llum, les habitacions donen totes a exterior i l&#8217;orientaci\u00f3 \u00e9s sud o sud aquest, tens molt bestiar. Les persones busquen habitatges lluminosos i aix\u00f2 \u00e9s una cosa important per a destacar en el teu anunci.<\/p>\n<p>Que la finca tingui ascensor. Si la teva finca t\u00e9 ascensor ser\u00e0 molt m\u00e9s valorada, que si no ho t\u00e9. Pensa que sigui el perfil que sigui de comprador, voldr\u00e0 entrar en un bloc en el qual pugui pujar la compra c\u00f2modament, si s\u00f3n persones majors que no poden pujar escales, si van amb carrets i nens petits, si volen baixar i pujar mobles en el moment de la mudan\u00e7a\u2026<\/p>\n<p>Que el pis tingui una zona exterior, ja sigui balc\u00f3, terrassa o pati, ser\u00e0 una gran not\u00edcia per als possibles compradors. Des de la teva <strong>immobili\u00e0ria<\/strong> a Sabadell, podem garantir-te que \u00e9s un factor decisiu, perqu\u00e8 la majoria de persones busquen un lloc amb un petit espai exterior, per a aprofitar-lo a l&#8217;estiu i prendre el sol i tenir una mica d&#8217;alleujament, sempre que puguin. Un pis sense balc\u00f3 o terrassa resulta m\u00e9s dif\u00edcil de vendre.<\/p>\n","protected":false},"excerpt":{"rendered":"<p>Si vols vendre el teu pis, per\u00f2 est\u00e0s preocupat per la crisi econ\u00f2mica que pot venir generada per aquesta pand\u00e8mia mundial del coronavirus, no sofreixis. El millor que pots fer \u00e9s confiar en una immobili\u00e0ria, ja que est\u00e0 especialitzada en la compra venda d&#8217;immobles i podr\u00e0 assessorar-te de la millor manera i explicar-te, de manera transparent, totes les possibilitats que<\/p>\n<div class=\"h10\"><\/div>\n<p><a class=\"more-link1\" href=\"https:\/\/fincamps.com\/ca\/2021\/12\/09\/com-puc-afrontar-la-venda-del-meu-pis-amb-aquesta-crisi\/\">Read more<\/a><\/p>\n","protected":false},"author":1,"featured_media":285,"comment_status":"open","ping_status":"open","sticky":false,"template":"","format":"standard","meta":{"footnotes":""},"categories":[266],"tags":[269],"class_list":["post-992","post","type-post","status-publish","format-standard","has-post-thumbnail","hentry","category-immobiliaria-sabadell","tag-immobiliaria"],"yoast_head":"<!-- This site is optimized with the Yoast SEO plugin v26.2 - https:\/\/yoast.com\/wordpress\/plugins\/seo\/ -->\n<title>Com puc afrontar la venda del meu pis amb aquesta crisi? - FINCAMPS - Inmobiliaria de Sabadell<\/title>\n<meta name=\"robots\" content=\"index, follow, max-snippet:-1, max-image-preview:large, max-video-preview:-1\" \/>\n<link rel=\"canonical\" href=\"https:\/\/fincamps.com\/2020\/04\/03\/como-puedo-afrontar-la-venta-de-mi-piso-con-esta-crisis\/\" \/>\n<meta property=\"og:locale\" content=\"ca_ES\" \/>\n<meta property=\"og:type\" content=\"article\" \/>\n<meta property=\"og:title\" content=\"Com puc afrontar la venda del meu pis amb aquesta crisi? - FINCAMPS - Inmobiliaria de Sabadell\" \/>\n<meta property=\"og:description\" content=\"Si vols vendre el teu pis, per\u00f2 est\u00e0s preocupat per la crisi econ\u00f2mica que pot venir generada per aquesta pand\u00e8mia mundial del coronavirus, no sofreixis. El millor que pots fer \u00e9s confiar en una immobili\u00e0ria, ja que est\u00e0 especialitzada en la compra venda d&#8217;immobles i podr\u00e0 assessorar-te de la millor manera i explicar-te, de manera transparent, totes les possibilitats queRead more\" \/>\n<meta property=\"og:url\" content=\"https:\/\/fincamps.com\/2020\/04\/03\/como-puedo-afrontar-la-venta-de-mi-piso-con-esta-crisis\/\" \/>\n<meta property=\"og:site_name\" content=\"FINCAMPS - Inmobiliaria de Sabadell\" \/>\n<meta property=\"article:published_time\" content=\"2021-12-09T09:20:12+00:00\" \/>\n<meta property=\"og:image\" content=\"https:\/\/fincamps.com\/wp-content\/uploads\/2020\/04\/inmobiliaria-3.jpg\" \/>\n\t<meta property=\"og:image:width\" content=\"626\" \/>\n\t<meta property=\"og:image:height\" content=\"417\" \/>\n\t<meta property=\"og:image:type\" content=\"image\/jpeg\" \/>\n<meta name=\"author\" content=\"webmaster@onlinevalles.es\" \/>\n<meta name=\"twitter:card\" content=\"summary_large_image\" \/>\n<meta name=\"twitter:label1\" content=\"Escrit per\" \/>\n\t<meta name=\"twitter:data1\" content=\"webmaster@onlinevalles.es\" \/>\n\t<meta name=\"twitter:label2\" content=\"Temps estimat de lectura\" \/>\n\t<meta name=\"twitter:data2\" content=\"3 minuts\" \/>\n<script type=\"application\/ld+json\" class=\"yoast-schema-graph\">{\"@context\":\"https:\/\/schema.org\",\"@graph\":[{\"@type\":\"WebPage\",\"@id\":\"https:\/\/fincamps.com\/2020\/04\/03\/como-puedo-afrontar-la-venta-de-mi-piso-con-esta-crisis\/\",\"url\":\"https:\/\/fincamps.com\/2020\/04\/03\/como-puedo-afrontar-la-venta-de-mi-piso-con-esta-crisis\/\",\"name\":\"Com puc afrontar la venda del meu pis amb aquesta crisi? - FINCAMPS - Inmobiliaria de Sabadell\",\"isPartOf\":{\"@id\":\"https:\/\/fincamps.com\/#website\"},\"primaryImageOfPage\":{\"@id\":\"https:\/\/fincamps.com\/2020\/04\/03\/como-puedo-afrontar-la-venta-de-mi-piso-con-esta-crisis\/#primaryimage\"},\"image\":{\"@id\":\"https:\/\/fincamps.com\/2020\/04\/03\/como-puedo-afrontar-la-venta-de-mi-piso-con-esta-crisis\/#primaryimage\"},\"thumbnailUrl\":\"https:\/\/fincamps.com\/wp-content\/uploads\/2020\/04\/inmobiliaria-3.jpg\",\"datePublished\":\"2021-12-09T09:20:12+00:00\",\"author\":{\"@id\":\"https:\/\/fincamps.com\/#\/schema\/person\/cd86f1149424a2f53ddd1236210bd23e\"},\"breadcrumb\":{\"@id\":\"https:\/\/fincamps.com\/2020\/04\/03\/como-puedo-afrontar-la-venta-de-mi-piso-con-esta-crisis\/#breadcrumb\"},\"inLanguage\":\"ca\",\"potentialAction\":[{\"@type\":\"ReadAction\",\"target\":[\"https:\/\/fincamps.com\/2020\/04\/03\/como-puedo-afrontar-la-venta-de-mi-piso-con-esta-crisis\/\"]}]},{\"@type\":\"ImageObject\",\"inLanguage\":\"ca\",\"@id\":\"https:\/\/fincamps.com\/2020\/04\/03\/como-puedo-afrontar-la-venta-de-mi-piso-con-esta-crisis\/#primaryimage\",\"url\":\"https:\/\/fincamps.com\/wp-content\/uploads\/2020\/04\/inmobiliaria-3.jpg\",\"contentUrl\":\"https:\/\/fincamps.com\/wp-content\/uploads\/2020\/04\/inmobiliaria-3.jpg\",\"width\":626,\"height\":417,\"caption\":\"Casa con perfectas vistas que se aprecian desde la ventana\"},{\"@type\":\"BreadcrumbList\",\"@id\":\"https:\/\/fincamps.com\/2020\/04\/03\/como-puedo-afrontar-la-venta-de-mi-piso-con-esta-crisis\/#breadcrumb\",\"itemListElement\":[{\"@type\":\"ListItem\",\"position\":1,\"name\":\"Portada\",\"item\":\"https:\/\/fincamps.com\/ca\/\"},{\"@type\":\"ListItem\",\"position\":2,\"name\":\"Com puc afrontar la venda del meu pis amb aquesta crisi?\"}]},{\"@type\":\"WebSite\",\"@id\":\"https:\/\/fincamps.com\/#website\",\"url\":\"https:\/\/fincamps.com\/\",\"name\":\"FINCAMPS - Inmobiliaria de Sabadell\",\"description\":\"Inmobiliaria de Sabadell, especializada en la compra y venta de pisos, casas, oficinas y todo tipo de inmuebles y viviendas en Sabadell\",\"potentialAction\":[{\"@type\":\"SearchAction\",\"target\":{\"@type\":\"EntryPoint\",\"urlTemplate\":\"https:\/\/fincamps.com\/?s={search_term_string}\"},\"query-input\":{\"@type\":\"PropertyValueSpecification\",\"valueRequired\":true,\"valueName\":\"search_term_string\"}}],\"inLanguage\":\"ca\"},{\"@type\":\"Person\",\"@id\":\"https:\/\/fincamps.com\/#\/schema\/person\/cd86f1149424a2f53ddd1236210bd23e\",\"name\":\"webmaster@onlinevalles.es\",\"image\":{\"@type\":\"ImageObject\",\"inLanguage\":\"ca\",\"@id\":\"https:\/\/fincamps.com\/#\/schema\/person\/image\/\",\"url\":\"https:\/\/secure.gravatar.com\/avatar\/e96b3c8646176b9c2183c05c7b01519218ec97bbb051ba6e165ecf212d484fe2?s=96&d=mm&r=g\",\"contentUrl\":\"https:\/\/secure.gravatar.com\/avatar\/e96b3c8646176b9c2183c05c7b01519218ec97bbb051ba6e165ecf212d484fe2?s=96&d=mm&r=g\",\"caption\":\"webmaster@onlinevalles.es\"},\"url\":\"https:\/\/fincamps.com\/ca\/author\/webmasteronlinevalles-es\/\"}]}<\/script>\n<!-- \/ Yoast SEO plugin. -->","yoast_head_json":{"title":"Com puc afrontar la venda del meu pis amb aquesta crisi? - FINCAMPS - Inmobiliaria de Sabadell","robots":{"index":"index","follow":"follow","max-snippet":"max-snippet:-1","max-image-preview":"max-image-preview:large","max-video-preview":"max-video-preview:-1"},"canonical":"https:\/\/fincamps.com\/2020\/04\/03\/como-puedo-afrontar-la-venta-de-mi-piso-con-esta-crisis\/","og_locale":"ca_ES","og_type":"article","og_title":"Com puc afrontar la venda del meu pis amb aquesta crisi? - FINCAMPS - Inmobiliaria de Sabadell","og_description":"Si vols vendre el teu pis, per\u00f2 est\u00e0s preocupat per la crisi econ\u00f2mica que pot venir generada per aquesta pand\u00e8mia mundial del coronavirus, no sofreixis. El millor que pots fer \u00e9s confiar en una immobili\u00e0ria, ja que est\u00e0 especialitzada en la compra venda d&#8217;immobles i podr\u00e0 assessorar-te de la millor manera i explicar-te, de manera transparent, totes les possibilitats queRead more","og_url":"https:\/\/fincamps.com\/2020\/04\/03\/como-puedo-afrontar-la-venta-de-mi-piso-con-esta-crisis\/","og_site_name":"FINCAMPS - Inmobiliaria de Sabadell","article_published_time":"2021-12-09T09:20:12+00:00","og_image":[{"width":626,"height":417,"url":"https:\/\/fincamps.com\/wp-content\/uploads\/2020\/04\/inmobiliaria-3.jpg","type":"image\/jpeg"}],"author":"webmaster@onlinevalles.es","twitter_card":"summary_large_image","twitter_misc":{"Escrit per":"webmaster@onlinevalles.es","Temps estimat de lectura":"3 minuts"},"schema":{"@context":"https:\/\/schema.org","@graph":[{"@type":"WebPage","@id":"https:\/\/fincamps.com\/2020\/04\/03\/como-puedo-afrontar-la-venta-de-mi-piso-con-esta-crisis\/","url":"https:\/\/fincamps.com\/2020\/04\/03\/como-puedo-afrontar-la-venta-de-mi-piso-con-esta-crisis\/","name":"Com puc afrontar la venda del meu pis amb aquesta crisi? - FINCAMPS - Inmobiliaria de Sabadell","isPartOf":{"@id":"https:\/\/fincamps.com\/#website"},"primaryImageOfPage":{"@id":"https:\/\/fincamps.com\/2020\/04\/03\/como-puedo-afrontar-la-venta-de-mi-piso-con-esta-crisis\/#primaryimage"},"image":{"@id":"https:\/\/fincamps.com\/2020\/04\/03\/como-puedo-afrontar-la-venta-de-mi-piso-con-esta-crisis\/#primaryimage"},"thumbnailUrl":"https:\/\/fincamps.com\/wp-content\/uploads\/2020\/04\/inmobiliaria-3.jpg","datePublished":"2021-12-09T09:20:12+00:00","author":{"@id":"https:\/\/fincamps.com\/#\/schema\/person\/cd86f1149424a2f53ddd1236210bd23e"},"breadcrumb":{"@id":"https:\/\/fincamps.com\/2020\/04\/03\/como-puedo-afrontar-la-venta-de-mi-piso-con-esta-crisis\/#breadcrumb"},"inLanguage":"ca","potentialAction":[{"@type":"ReadAction","target":["https:\/\/fincamps.com\/2020\/04\/03\/como-puedo-afrontar-la-venta-de-mi-piso-con-esta-crisis\/"]}]},{"@type":"ImageObject","inLanguage":"ca","@id":"https:\/\/fincamps.com\/2020\/04\/03\/como-puedo-afrontar-la-venta-de-mi-piso-con-esta-crisis\/#primaryimage","url":"https:\/\/fincamps.com\/wp-content\/uploads\/2020\/04\/inmobiliaria-3.jpg","contentUrl":"https:\/\/fincamps.com\/wp-content\/uploads\/2020\/04\/inmobiliaria-3.jpg","width":626,"height":417,"caption":"Casa con perfectas vistas que se aprecian desde la ventana"},{"@type":"BreadcrumbList","@id":"https:\/\/fincamps.com\/2020\/04\/03\/como-puedo-afrontar-la-venta-de-mi-piso-con-esta-crisis\/#breadcrumb","itemListElement":[{"@type":"ListItem","position":1,"name":"Portada","item":"https:\/\/fincamps.com\/ca\/"},{"@type":"ListItem","position":2,"name":"Com puc afrontar la venda del meu pis amb aquesta crisi?"}]},{"@type":"WebSite","@id":"https:\/\/fincamps.com\/#website","url":"https:\/\/fincamps.com\/","name":"FINCAMPS - Inmobiliaria de Sabadell","description":"Inmobiliaria de Sabadell, especializada en la compra y venta de pisos, casas, oficinas y todo tipo de inmuebles y viviendas en Sabadell","potentialAction":[{"@type":"SearchAction","target":{"@type":"EntryPoint","urlTemplate":"https:\/\/fincamps.com\/?s={search_term_string}"},"query-input":{"@type":"PropertyValueSpecification","valueRequired":true,"valueName":"search_term_string"}}],"inLanguage":"ca"},{"@type":"Person","@id":"https:\/\/fincamps.com\/#\/schema\/person\/cd86f1149424a2f53ddd1236210bd23e","name":"webmaster@onlinevalles.es","image":{"@type":"ImageObject","inLanguage":"ca","@id":"https:\/\/fincamps.com\/#\/schema\/person\/image\/","url":"https:\/\/secure.gravatar.com\/avatar\/e96b3c8646176b9c2183c05c7b01519218ec97bbb051ba6e165ecf212d484fe2?s=96&d=mm&r=g","contentUrl":"https:\/\/secure.gravatar.com\/avatar\/e96b3c8646176b9c2183c05c7b01519218ec97bbb051ba6e165ecf212d484fe2?s=96&d=mm&r=g","caption":"webmaster@onlinevalles.es"},"url":"https:\/\/fincamps.com\/ca\/author\/webmasteronlinevalles-es\/"}]}},"_links":{"self":[{"href":"https:\/\/fincamps.com\/ca\/wp-json\/wp\/v2\/posts\/992","targetHints":{"allow":["GET"]}}],"collection":[{"href":"https:\/\/fincamps.com\/ca\/wp-json\/wp\/v2\/posts"}],"about":[{"href":"https:\/\/fincamps.com\/ca\/wp-json\/wp\/v2\/types\/post"}],"author":[{"embeddable":true,"href":"https:\/\/fincamps.com\/ca\/wp-json\/wp\/v2\/users\/1"}],"replies":[{"embeddable":true,"href":"https:\/\/fincamps.com\/ca\/wp-json\/wp\/v2\/comments?post=992"}],"version-history":[{"count":1,"href":"https:\/\/fincamps.com\/ca\/wp-json\/wp\/v2\/posts\/992\/revisions"}],"predecessor-version":[{"id":993,"href":"https:\/\/fincamps.com\/ca\/wp-json\/wp\/v2\/posts\/992\/revisions\/993"}],"wp:featuredmedia":[{"embeddable":true,"href":"https:\/\/fincamps.com\/ca\/wp-json\/wp\/v2\/media\/285"}],"wp:attachment":[{"href":"https:\/\/fincamps.com\/ca\/wp-json\/wp\/v2\/media?parent=992"}],"wp:term":[{"taxonomy":"category","embeddable":true,"href":"https:\/\/fincamps.com\/ca\/wp-json\/wp\/v2\/categories?post=992"},{"taxonomy":"post_tag","embeddable":true,"href":"https:\/\/fincamps.com\/ca\/wp-json\/wp\/v2\/tags?post=992"}],"curies":[{"name":"wp","href":"https:\/\/api.w.org\/{rel}","templated":true}]}}