{"id":1300,"date":"2021-12-15T10:37:55","date_gmt":"2021-12-15T10:37:55","guid":{"rendered":"https:\/\/fincamps.com\/ca\/?p=1300"},"modified":"2021-12-15T10:37:55","modified_gmt":"2021-12-15T10:37:55","slug":"com-afectara-la-pandemia-a-les-immobiliaries-a-sabadell-aquest-any-2021","status":"publish","type":"post","link":"https:\/\/fincamps.com\/ca\/2021\/12\/15\/com-afectara-la-pandemia-a-les-immobiliaries-a-sabadell-aquest-any-2021\/","title":{"rendered":"Com afectar\u00e0 la pand\u00e8mia a les immobili\u00e0ries a Sabadell aquest any 2021?"},"content":{"rendered":"<p style=\"text-align: justify;\">Encara que sembla que el pitjor ja ha passat, encara vam seguir amb unes tend\u00e8ncies de consum, h\u00e0bits i decisions molt marcades per la pand\u00e8mia, per aix\u00f2 les <a href=\"https:\/\/fincamps.com\/ca\/serveis\/\"><strong>immobili\u00e0ries a Sabadell<\/strong><\/a> enfoquen el seu treball en aquest sector, buscant nous paradigmes i estrat\u00e8gies de venda adaptats a les noves necessitats.<\/p>\n<p style=\"text-align: justify;\">L&#8217;acceleraci\u00f3 de la digitalitzaci\u00f3, el teletreball o les mesures de distanciament venen marcant la tend\u00e8ncia en el sector immobiliari. \u00a0La salut i la higiene han pres una veritable prioritat en les nostres vides i per aix\u00f2 ha canviat la nostra manera de veure el m\u00f3n i d&#8217;entendre la import\u00e0ncia de la digitalitzaci\u00f3.<\/p>\n<p style=\"text-align: justify;\">Els experts diuen que existeixen tend\u00e8ncies que s&#8217;han incorporat aquest any per a les <strong>immobili\u00e0ries a Sabadell<\/strong>, que ja es fa patent en la cerca d&#8217;habitatges:<\/p>\n<p style=\"text-align: justify;\">Hi ha una nova demanda en zones amb redu\u00efda densitat de poblaci\u00f3, pel fet que moltes persones durant el confinament s&#8217;han adonat que no volen viure en un lloc en el qual poden produir-se aglomeracions amb tanta facilitat o b\u00e9 volen triar un lloc menys poblat i m\u00e9s tranquil, amb terreny, sense tants cotxes, etc. La tend\u00e8ncia \u00e9s buscar llocs amplis, exteriors, amb llum i estades extres, pensades per a fer un despatx per a totes aquelles persones que fa teletreball. La compra venda d&#8217;habitatges unifamiliars en l&#8217;\u00faltim trimestre de l&#8217;any 2020 ha augmentat gaireb\u00e9 un 20,4% del total de transaccions, marcant el m\u00e0xim de la s\u00e8rie hist\u00f2rica.<\/p>\n<p style=\"text-align: justify;\">Segons l&#8217;Institut de Valoracions tamb\u00e9 destaca la cerca de segones resid\u00e8ncies en zones costaneres o rurals.<\/p>\n<p style=\"text-align: justify;\">Una altra tend\u00e8ncia que ve marcant el sector immobiliari \u00e9s l&#8217;augment de l&#8217;oferta, el qual ha continuat augmentant i s&#8217;espera que es consolidi el format build to rent, una aposta perqu\u00e8 el parc d&#8217;habitatges disponibles sigui m\u00e9s gran en lloguer en les principals ciutats.<\/p>\n<p style=\"text-align: justify;\">Hi ha hagut un alentiment d&#8217;activitat dels estrangers; Tenint en compte l&#8217;evoluci\u00f3 de la compravenda de l&#8217;habitatge de compradors estrangers, s&#8217;ha vist perjudicada per la prohibici\u00f3 de despla\u00e7aments a altres pa\u00efsos i a aix\u00f2 se li suma la incertesa sobre com evolucionar\u00e0 la pand\u00e8mia en el mercat immobiliari espanyol i mundial.<\/p>\n<p style=\"text-align: justify;\">Les <strong>immobili\u00e0ries a Sabadell<\/strong> ofereixen un servei molt m\u00e9s virtual i, per tant, precisen de m\u00e9s serveis digitals. En un m\u00f3n globalitzat i amb un \u00fas constant de la tecnologia ha d&#8217;haver-hi menys depend\u00e8ncia f\u00edsica i m\u00e9s pres\u00e8ncia en l\u00ednia.<\/p>\n<p style=\"text-align: justify;\">Les <strong>immobili\u00e0ries a Sabadell<\/strong> estan en constant reinvenci\u00f3 i ja \u00e9s possible fer visites virtuals dels immobles, veure fotos, v\u00eddeos, rebre assessorament personalitzat, pressupost i fins i tot fer la sol\u00b7licitud de la hipoteca 100% en l\u00ednia.<\/p>\n<p><img loading=\"lazy\" decoding=\"async\" class=\"aligncenter wp-image-910 size-full\" src=\"https:\/\/fincamps.com\/wp-content\/uploads\/2021\/11\/inmobiliarias-castellar-del-valles.jpg\" alt=\"\" width=\"640\" height=\"426\" srcset=\"https:\/\/fincamps.com\/wp-content\/uploads\/2021\/11\/inmobiliarias-castellar-del-valles.jpg 640w, https:\/\/fincamps.com\/wp-content\/uploads\/2021\/11\/inmobiliarias-castellar-del-valles-300x200.jpg 300w\" sizes=\"auto, (max-width: 640px) 100vw, 640px\" \/><\/p>\n<h2 style=\"text-align: justify;\">Fincamps, coneix la millor de les immobili\u00e0ries de Sabadell<\/h2>\n<p style=\"text-align: justify;\">Si vols apostar per una de les millors <strong>immobili\u00e0ries a Sabadell<\/strong>, et convidem a visitar la nostra p\u00e0gina web.<\/p>\n","protected":false},"excerpt":{"rendered":"<p>Encara que sembla que el pitjor ja ha passat, encara vam seguir amb unes tend\u00e8ncies de consum, h\u00e0bits i decisions molt marcades per la pand\u00e8mia, per aix\u00f2 les immobili\u00e0ries a Sabadell enfoquen el seu treball en aquest sector, buscant nous paradigmes i estrat\u00e8gies de venda adaptats a les noves necessitats. L&#8217;acceleraci\u00f3 de la digitalitzaci\u00f3, el teletreball o les mesures de<\/p>\n<div class=\"h10\"><\/div>\n<p><a class=\"more-link1\" href=\"https:\/\/fincamps.com\/ca\/2021\/12\/15\/com-afectara-la-pandemia-a-les-immobiliaries-a-sabadell-aquest-any-2021\/\">Read more<\/a><\/p>\n","protected":false},"author":1,"featured_media":745,"comment_status":"open","ping_status":"open","sticky":false,"template":"","format":"standard","meta":{"footnotes":""},"categories":[266],"tags":[307],"class_list":["post-1300","post","type-post","status-publish","format-standard","has-post-thumbnail","hentry","category-immobiliaria-sabadell","tag-immobiliaries-a-sabadell"],"yoast_head":"<!-- This site is optimized with the Yoast SEO plugin v26.2 - https:\/\/yoast.com\/wordpress\/plugins\/seo\/ -->\n<title>Com afectar\u00e0 la pand\u00e8mia a les immobili\u00e0ries a Sabadell aquest any 2021? - FINCAMPS - Inmobiliaria de Sabadell<\/title>\n<meta name=\"robots\" content=\"index, follow, max-snippet:-1, max-image-preview:large, max-video-preview:-1\" \/>\n<link rel=\"canonical\" href=\"https:\/\/fincamps.com\/2021\/03\/15\/como-afectara-la-pandemia-a-las-inmobiliarias-en-sabadell-este-ano-2021\/\" \/>\n<meta property=\"og:locale\" content=\"ca_ES\" \/>\n<meta property=\"og:type\" content=\"article\" \/>\n<meta property=\"og:title\" content=\"Com afectar\u00e0 la pand\u00e8mia a les immobili\u00e0ries a Sabadell aquest any 2021? - FINCAMPS - Inmobiliaria de Sabadell\" \/>\n<meta property=\"og:description\" content=\"Encara que sembla que el pitjor ja ha passat, encara vam seguir amb unes tend\u00e8ncies de consum, h\u00e0bits i decisions molt marcades per la pand\u00e8mia, per aix\u00f2 les immobili\u00e0ries a Sabadell enfoquen el seu treball en aquest sector, buscant nous paradigmes i estrat\u00e8gies de venda adaptats a les noves necessitats. L&#8217;acceleraci\u00f3 de la digitalitzaci\u00f3, el teletreball o les mesures deRead more\" \/>\n<meta property=\"og:url\" content=\"https:\/\/fincamps.com\/2021\/03\/15\/como-afectara-la-pandemia-a-las-inmobiliarias-en-sabadell-este-ano-2021\/\" \/>\n<meta property=\"og:site_name\" content=\"FINCAMPS - Inmobiliaria de Sabadell\" \/>\n<meta property=\"article:published_time\" content=\"2021-12-15T10:37:55+00:00\" \/>\n<meta property=\"og:image\" content=\"https:\/\/fincamps.com\/wp-content\/uploads\/2021\/08\/wall-416060_1280-1.jpg\" \/>\n\t<meta property=\"og:image:width\" content=\"1280\" \/>\n\t<meta property=\"og:image:height\" content=\"720\" \/>\n\t<meta property=\"og:image:type\" content=\"image\/jpeg\" \/>\n<meta name=\"author\" content=\"webmaster@onlinevalles.es\" \/>\n<meta name=\"twitter:card\" content=\"summary_large_image\" \/>\n<meta name=\"twitter:label1\" content=\"Escrit per\" \/>\n\t<meta name=\"twitter:data1\" content=\"webmaster@onlinevalles.es\" \/>\n\t<meta name=\"twitter:label2\" content=\"Temps estimat de lectura\" \/>\n\t<meta name=\"twitter:data2\" content=\"3 minuts\" \/>\n<script type=\"application\/ld+json\" class=\"yoast-schema-graph\">{\"@context\":\"https:\/\/schema.org\",\"@graph\":[{\"@type\":\"WebPage\",\"@id\":\"https:\/\/fincamps.com\/2021\/03\/15\/como-afectara-la-pandemia-a-las-inmobiliarias-en-sabadell-este-ano-2021\/\",\"url\":\"https:\/\/fincamps.com\/2021\/03\/15\/como-afectara-la-pandemia-a-las-inmobiliarias-en-sabadell-este-ano-2021\/\",\"name\":\"Com afectar\u00e0 la pand\u00e8mia a les immobili\u00e0ries a Sabadell aquest any 2021? - FINCAMPS - Inmobiliaria de Sabadell\",\"isPartOf\":{\"@id\":\"https:\/\/fincamps.com\/#website\"},\"primaryImageOfPage\":{\"@id\":\"https:\/\/fincamps.com\/2021\/03\/15\/como-afectara-la-pandemia-a-las-inmobiliarias-en-sabadell-este-ano-2021\/#primaryimage\"},\"image\":{\"@id\":\"https:\/\/fincamps.com\/2021\/03\/15\/como-afectara-la-pandemia-a-las-inmobiliarias-en-sabadell-este-ano-2021\/#primaryimage\"},\"thumbnailUrl\":\"https:\/\/fincamps.com\/wp-content\/uploads\/2021\/08\/wall-416060_1280-1.jpg\",\"datePublished\":\"2021-12-15T10:37:55+00:00\",\"author\":{\"@id\":\"https:\/\/fincamps.com\/#\/schema\/person\/cd86f1149424a2f53ddd1236210bd23e\"},\"breadcrumb\":{\"@id\":\"https:\/\/fincamps.com\/2021\/03\/15\/como-afectara-la-pandemia-a-las-inmobiliarias-en-sabadell-este-ano-2021\/#breadcrumb\"},\"inLanguage\":\"ca\",\"potentialAction\":[{\"@type\":\"ReadAction\",\"target\":[\"https:\/\/fincamps.com\/2021\/03\/15\/como-afectara-la-pandemia-a-las-inmobiliarias-en-sabadell-este-ano-2021\/\"]}]},{\"@type\":\"ImageObject\",\"inLanguage\":\"ca\",\"@id\":\"https:\/\/fincamps.com\/2021\/03\/15\/como-afectara-la-pandemia-a-las-inmobiliarias-en-sabadell-este-ano-2021\/#primaryimage\",\"url\":\"https:\/\/fincamps.com\/wp-content\/uploads\/2021\/08\/wall-416060_1280-1.jpg\",\"contentUrl\":\"https:\/\/fincamps.com\/wp-content\/uploads\/2021\/08\/wall-416060_1280-1.jpg\",\"width\":1280,\"height\":720,\"caption\":\"Casa reci\u00e9n pintada con cuadro art\u00edstico y estanter\u00edas de libros para leer\"},{\"@type\":\"BreadcrumbList\",\"@id\":\"https:\/\/fincamps.com\/2021\/03\/15\/como-afectara-la-pandemia-a-las-inmobiliarias-en-sabadell-este-ano-2021\/#breadcrumb\",\"itemListElement\":[{\"@type\":\"ListItem\",\"position\":1,\"name\":\"Portada\",\"item\":\"https:\/\/fincamps.com\/ca\/\"},{\"@type\":\"ListItem\",\"position\":2,\"name\":\"Com afectar\u00e0 la pand\u00e8mia a les immobili\u00e0ries a Sabadell aquest any 2021?\"}]},{\"@type\":\"WebSite\",\"@id\":\"https:\/\/fincamps.com\/#website\",\"url\":\"https:\/\/fincamps.com\/\",\"name\":\"FINCAMPS - Inmobiliaria de Sabadell\",\"description\":\"Inmobiliaria de Sabadell, especializada en la compra y venta de pisos, casas, oficinas y todo tipo de inmuebles y viviendas en Sabadell\",\"potentialAction\":[{\"@type\":\"SearchAction\",\"target\":{\"@type\":\"EntryPoint\",\"urlTemplate\":\"https:\/\/fincamps.com\/?s={search_term_string}\"},\"query-input\":{\"@type\":\"PropertyValueSpecification\",\"valueRequired\":true,\"valueName\":\"search_term_string\"}}],\"inLanguage\":\"ca\"},{\"@type\":\"Person\",\"@id\":\"https:\/\/fincamps.com\/#\/schema\/person\/cd86f1149424a2f53ddd1236210bd23e\",\"name\":\"webmaster@onlinevalles.es\",\"image\":{\"@type\":\"ImageObject\",\"inLanguage\":\"ca\",\"@id\":\"https:\/\/fincamps.com\/#\/schema\/person\/image\/\",\"url\":\"https:\/\/secure.gravatar.com\/avatar\/e96b3c8646176b9c2183c05c7b01519218ec97bbb051ba6e165ecf212d484fe2?s=96&d=mm&r=g\",\"contentUrl\":\"https:\/\/secure.gravatar.com\/avatar\/e96b3c8646176b9c2183c05c7b01519218ec97bbb051ba6e165ecf212d484fe2?s=96&d=mm&r=g\",\"caption\":\"webmaster@onlinevalles.es\"},\"url\":\"https:\/\/fincamps.com\/ca\/author\/webmasteronlinevalles-es\/\"}]}<\/script>\n<!-- \/ Yoast SEO plugin. -->","yoast_head_json":{"title":"Com afectar\u00e0 la pand\u00e8mia a les immobili\u00e0ries a Sabadell aquest any 2021? - FINCAMPS - Inmobiliaria de Sabadell","robots":{"index":"index","follow":"follow","max-snippet":"max-snippet:-1","max-image-preview":"max-image-preview:large","max-video-preview":"max-video-preview:-1"},"canonical":"https:\/\/fincamps.com\/2021\/03\/15\/como-afectara-la-pandemia-a-las-inmobiliarias-en-sabadell-este-ano-2021\/","og_locale":"ca_ES","og_type":"article","og_title":"Com afectar\u00e0 la pand\u00e8mia a les immobili\u00e0ries a Sabadell aquest any 2021? - FINCAMPS - Inmobiliaria de Sabadell","og_description":"Encara que sembla que el pitjor ja ha passat, encara vam seguir amb unes tend\u00e8ncies de consum, h\u00e0bits i decisions molt marcades per la pand\u00e8mia, per aix\u00f2 les immobili\u00e0ries a Sabadell enfoquen el seu treball en aquest sector, buscant nous paradigmes i estrat\u00e8gies de venda adaptats a les noves necessitats. L&#8217;acceleraci\u00f3 de la digitalitzaci\u00f3, el teletreball o les mesures deRead more","og_url":"https:\/\/fincamps.com\/2021\/03\/15\/como-afectara-la-pandemia-a-las-inmobiliarias-en-sabadell-este-ano-2021\/","og_site_name":"FINCAMPS - Inmobiliaria de Sabadell","article_published_time":"2021-12-15T10:37:55+00:00","og_image":[{"width":1280,"height":720,"url":"https:\/\/fincamps.com\/wp-content\/uploads\/2021\/08\/wall-416060_1280-1.jpg","type":"image\/jpeg"}],"author":"webmaster@onlinevalles.es","twitter_card":"summary_large_image","twitter_misc":{"Escrit per":"webmaster@onlinevalles.es","Temps estimat de lectura":"3 minuts"},"schema":{"@context":"https:\/\/schema.org","@graph":[{"@type":"WebPage","@id":"https:\/\/fincamps.com\/2021\/03\/15\/como-afectara-la-pandemia-a-las-inmobiliarias-en-sabadell-este-ano-2021\/","url":"https:\/\/fincamps.com\/2021\/03\/15\/como-afectara-la-pandemia-a-las-inmobiliarias-en-sabadell-este-ano-2021\/","name":"Com afectar\u00e0 la pand\u00e8mia a les immobili\u00e0ries a Sabadell aquest any 2021? - FINCAMPS - Inmobiliaria de Sabadell","isPartOf":{"@id":"https:\/\/fincamps.com\/#website"},"primaryImageOfPage":{"@id":"https:\/\/fincamps.com\/2021\/03\/15\/como-afectara-la-pandemia-a-las-inmobiliarias-en-sabadell-este-ano-2021\/#primaryimage"},"image":{"@id":"https:\/\/fincamps.com\/2021\/03\/15\/como-afectara-la-pandemia-a-las-inmobiliarias-en-sabadell-este-ano-2021\/#primaryimage"},"thumbnailUrl":"https:\/\/fincamps.com\/wp-content\/uploads\/2021\/08\/wall-416060_1280-1.jpg","datePublished":"2021-12-15T10:37:55+00:00","author":{"@id":"https:\/\/fincamps.com\/#\/schema\/person\/cd86f1149424a2f53ddd1236210bd23e"},"breadcrumb":{"@id":"https:\/\/fincamps.com\/2021\/03\/15\/como-afectara-la-pandemia-a-las-inmobiliarias-en-sabadell-este-ano-2021\/#breadcrumb"},"inLanguage":"ca","potentialAction":[{"@type":"ReadAction","target":["https:\/\/fincamps.com\/2021\/03\/15\/como-afectara-la-pandemia-a-las-inmobiliarias-en-sabadell-este-ano-2021\/"]}]},{"@type":"ImageObject","inLanguage":"ca","@id":"https:\/\/fincamps.com\/2021\/03\/15\/como-afectara-la-pandemia-a-las-inmobiliarias-en-sabadell-este-ano-2021\/#primaryimage","url":"https:\/\/fincamps.com\/wp-content\/uploads\/2021\/08\/wall-416060_1280-1.jpg","contentUrl":"https:\/\/fincamps.com\/wp-content\/uploads\/2021\/08\/wall-416060_1280-1.jpg","width":1280,"height":720,"caption":"Casa reci\u00e9n pintada con cuadro art\u00edstico y estanter\u00edas de libros para leer"},{"@type":"BreadcrumbList","@id":"https:\/\/fincamps.com\/2021\/03\/15\/como-afectara-la-pandemia-a-las-inmobiliarias-en-sabadell-este-ano-2021\/#breadcrumb","itemListElement":[{"@type":"ListItem","position":1,"name":"Portada","item":"https:\/\/fincamps.com\/ca\/"},{"@type":"ListItem","position":2,"name":"Com afectar\u00e0 la pand\u00e8mia a les immobili\u00e0ries a Sabadell aquest any 2021?"}]},{"@type":"WebSite","@id":"https:\/\/fincamps.com\/#website","url":"https:\/\/fincamps.com\/","name":"FINCAMPS - Inmobiliaria de Sabadell","description":"Inmobiliaria de Sabadell, especializada en la compra y venta de pisos, casas, oficinas y todo tipo de inmuebles y viviendas en Sabadell","potentialAction":[{"@type":"SearchAction","target":{"@type":"EntryPoint","urlTemplate":"https:\/\/fincamps.com\/?s={search_term_string}"},"query-input":{"@type":"PropertyValueSpecification","valueRequired":true,"valueName":"search_term_string"}}],"inLanguage":"ca"},{"@type":"Person","@id":"https:\/\/fincamps.com\/#\/schema\/person\/cd86f1149424a2f53ddd1236210bd23e","name":"webmaster@onlinevalles.es","image":{"@type":"ImageObject","inLanguage":"ca","@id":"https:\/\/fincamps.com\/#\/schema\/person\/image\/","url":"https:\/\/secure.gravatar.com\/avatar\/e96b3c8646176b9c2183c05c7b01519218ec97bbb051ba6e165ecf212d484fe2?s=96&d=mm&r=g","contentUrl":"https:\/\/secure.gravatar.com\/avatar\/e96b3c8646176b9c2183c05c7b01519218ec97bbb051ba6e165ecf212d484fe2?s=96&d=mm&r=g","caption":"webmaster@onlinevalles.es"},"url":"https:\/\/fincamps.com\/ca\/author\/webmasteronlinevalles-es\/"}]}},"_links":{"self":[{"href":"https:\/\/fincamps.com\/ca\/wp-json\/wp\/v2\/posts\/1300","targetHints":{"allow":["GET"]}}],"collection":[{"href":"https:\/\/fincamps.com\/ca\/wp-json\/wp\/v2\/posts"}],"about":[{"href":"https:\/\/fincamps.com\/ca\/wp-json\/wp\/v2\/types\/post"}],"author":[{"embeddable":true,"href":"https:\/\/fincamps.com\/ca\/wp-json\/wp\/v2\/users\/1"}],"replies":[{"embeddable":true,"href":"https:\/\/fincamps.com\/ca\/wp-json\/wp\/v2\/comments?post=1300"}],"version-history":[{"count":2,"href":"https:\/\/fincamps.com\/ca\/wp-json\/wp\/v2\/posts\/1300\/revisions"}],"predecessor-version":[{"id":1304,"href":"https:\/\/fincamps.com\/ca\/wp-json\/wp\/v2\/posts\/1300\/revisions\/1304"}],"wp:featuredmedia":[{"embeddable":true,"href":"https:\/\/fincamps.com\/ca\/wp-json\/wp\/v2\/media\/745"}],"wp:attachment":[{"href":"https:\/\/fincamps.com\/ca\/wp-json\/wp\/v2\/media?parent=1300"}],"wp:term":[{"taxonomy":"category","embeddable":true,"href":"https:\/\/fincamps.com\/ca\/wp-json\/wp\/v2\/categories?post=1300"},{"taxonomy":"post_tag","embeddable":true,"href":"https:\/\/fincamps.com\/ca\/wp-json\/wp\/v2\/tags?post=1300"}],"curies":[{"name":"wp","href":"https:\/\/api.w.org\/{rel}","templated":true}]}}