{"id":1152,"date":"2021-12-14T10:42:17","date_gmt":"2021-12-14T10:42:17","guid":{"rendered":"https:\/\/fincamps.com\/ca\/?p=1152"},"modified":"2021-12-14T11:41:28","modified_gmt":"2021-12-14T11:41:28","slug":"quins-seran-les-tendencies-immobiliaries-per-a-aquest-estiu","status":"publish","type":"post","link":"https:\/\/fincamps.com\/ca\/2021\/12\/14\/quins-seran-les-tendencies-immobiliaries-per-a-aquest-estiu\/","title":{"rendered":"Quins seran les tend\u00e8ncies immobili\u00e0ries per a aquest estiu?"},"content":{"rendered":"<p style=\"text-align: justify;\">En l&#8217;article d&#8217;avui et parlarem de les tend\u00e8ncies <a href=\"https:\/\/inmuebles.fincamps.com\/\"><strong>immobili\u00e0ries<\/strong><\/a> que viurem aquest estiu, entre les quals es troba l&#8217;allotjament tur\u00edstic i la segona resid\u00e8ncia, entre altres opcions. En les zones costaneres, per exemple, estan pendents de l&#8217;obertura de fronteres internacionals i en la possible reactivaci\u00f3 del turisme, despr\u00e9s de la Covid-19.<\/p>\n<p style=\"text-align: justify;\">De fet, les tend\u00e8ncies <strong>immobili\u00e0ries<\/strong> en el sector residencial al nostre pa\u00eds dependran, en gran part, de l&#8217;evoluci\u00f3 que tingui la situaci\u00f3 sanit\u00e0ria, per\u00f2 at\u00e8s que ja no \u00e9s considerat que estiguem en estat d&#8217;alarma, no hi ha toc de queda, molta gent est\u00e0 vacunada, \u00e9s possible que el turisme torni, a poc a poc, a reactivar-se de nou.<\/p>\n<p style=\"text-align: justify;\">El flux tur\u00edstic que s&#8217;espera per a enguany \u00e9s m\u00e9s redu\u00eft que en anys anteriors, at\u00e8s que venim d&#8217;una situaci\u00f3 excepcional com \u00e9s una pand\u00e8mia mundial, per\u00f2 a poc a poc la situaci\u00f3 es va normalitzant i aix\u00f2 \u00e9s una bona not\u00edcia per a tots, tant per als compradors com els venedors, comer\u00e7os o immobili\u00e0ries.<\/p>\n<p style=\"text-align: justify;\">Quant a les segones resid\u00e8ncies i lloguers vacacionals, la major part de la reactivaci\u00f3 del sector immobiliari en \u00e0mbit nacional \u00e9s fruit de l&#8217;activitat immobili\u00e0ria dels propis espanyols. Despr\u00e9s de passar un llarg confinament, s\u00f3n moltes les fam\u00edlies que han decidit invertir en una segona resid\u00e8ncia vacacional, ja sigui en el camp o a la platja.<\/p>\n<p style=\"text-align: justify;\">I moltes persones que volen gaudir de les vacances, per\u00f2 que encara tenen por de viatjar a altres pa\u00efsos per risc de contagi, tamb\u00e9 aposten per aquesta mena de segones resid\u00e8ncies o b\u00e9 lloguers vacacionals.<\/p>\n<p style=\"text-align: justify;\">De fet, encara que no estiguem en per\u00edode de vacances, amb la pand\u00e8mia mundial s&#8217;ha obert una nova oportunitat en el terreny de les <strong>immobili\u00e0ries<\/strong> i \u00e9s l&#8217;augment de compra de segones resid\u00e8ncies o el lloguer d&#8217;apartaments tur\u00edstics durant tot l&#8217;any, at\u00e8s que molta gent teletreballa i pot treballar des de qualsevol lloc, sense haver d&#8217;estar en la seva oficina o a la seva casa, ja que l&#8217;\u00fanica cosa que necessita \u00e9s un ordinador i estar connectat a Internet.<\/p>\n<p style=\"text-align: justify;\"><img loading=\"lazy\" decoding=\"async\" class=\"aligncenter wp-image-687 size-full\" src=\"https:\/\/fincamps.com\/wp-content\/uploads\/2021\/06\/venta-de-inmuebles.jpg\" alt=\"\" width=\"626\" height=\"417\" srcset=\"https:\/\/fincamps.com\/wp-content\/uploads\/2021\/06\/venta-de-inmuebles.jpg 626w, https:\/\/fincamps.com\/wp-content\/uploads\/2021\/06\/venta-de-inmuebles-300x200.jpg 300w\" sizes=\"auto, (max-width: 626px) 100vw, 626px\" \/><\/p>\n<h2 style=\"text-align: justify;\">Troba totes les tend\u00e8ncies immobili\u00e0ries amb Fincamps<\/h2>\n<p style=\"text-align: justify;\">Siguin quals siguin les tend\u00e8ncies<strong> immobili\u00e0ries<\/strong> \u00e9s important comptar amb l&#8217;ajuda especialitzada d&#8217;un assessor immobiliari, que pugui ajudar-te a realitzar tots els tr\u00e0mits, llic\u00e8ncies, certificats i passos a seguir fins a aconseguir el teu objectiu. En Fincamps podrem ajudar-te en tot el que necessitis, perqu\u00e8 comptem amb una llarga i experimentada traject\u00f2ria en aquest sector.<\/p>\n<p style=\"text-align: justify;\">Pots contactar amb nosaltres emplenant el formulari de contacte amb els teus dubtes o consulta, telefonar al 937 48 48 48 o enviant un email a <a href=\"mailto:recepcio@fincamps.com\">recepcio@fincamps.com<\/a>.<\/p>\n","protected":false},"excerpt":{"rendered":"<p>En l&#8217;article d&#8217;avui et parlarem de les tend\u00e8ncies immobili\u00e0ries que viurem aquest estiu, entre les quals es troba l&#8217;allotjament tur\u00edstic i la segona resid\u00e8ncia, entre altres opcions. En les zones costaneres, per exemple, estan pendents de l&#8217;obertura de fronteres internacionals i en la possible reactivaci\u00f3 del turisme, despr\u00e9s de la Covid-19. De fet, les tend\u00e8ncies immobili\u00e0ries en el sector residencial<\/p>\n<div class=\"h10\"><\/div>\n<p><a class=\"more-link1\" href=\"https:\/\/fincamps.com\/ca\/2021\/12\/14\/quins-seran-les-tendencies-immobiliaries-per-a-aquest-estiu\/\">Read more<\/a><\/p>\n","protected":false},"author":1,"featured_media":672,"comment_status":"open","ping_status":"open","sticky":false,"template":"","format":"standard","meta":{"footnotes":""},"categories":[277,1],"tags":[270],"class_list":["post-1152","post","type-post","status-publish","format-standard","has-post-thumbnail","hentry","category-contractar-una-immobiliaria","category-sin-categorizar","tag-immobiliaries"],"yoast_head":"<!-- This site is optimized with the Yoast SEO plugin v26.2 - https:\/\/yoast.com\/wordpress\/plugins\/seo\/ -->\n<title>Quins seran les tend\u00e8ncies immobili\u00e0ries per a aquest estiu? - FINCAMPS - Inmobiliaria de Sabadell<\/title>\n<meta name=\"robots\" content=\"index, follow, max-snippet:-1, max-image-preview:large, max-video-preview:-1\" \/>\n<link rel=\"canonical\" href=\"https:\/\/fincamps.com\/2021\/07\/01\/cuales-van-a-ser-las-tendencias-inmobiliarias-para-este-verano\/\" \/>\n<meta property=\"og:locale\" content=\"ca_ES\" \/>\n<meta property=\"og:type\" content=\"article\" \/>\n<meta property=\"og:title\" content=\"Quins seran les tend\u00e8ncies immobili\u00e0ries per a aquest estiu? - FINCAMPS - Inmobiliaria de Sabadell\" \/>\n<meta property=\"og:description\" content=\"En l&#8217;article d&#8217;avui et parlarem de les tend\u00e8ncies immobili\u00e0ries que viurem aquest estiu, entre les quals es troba l&#8217;allotjament tur\u00edstic i la segona resid\u00e8ncia, entre altres opcions. En les zones costaneres, per exemple, estan pendents de l&#8217;obertura de fronteres internacionals i en la possible reactivaci\u00f3 del turisme, despr\u00e9s de la Covid-19. De fet, les tend\u00e8ncies immobili\u00e0ries en el sector residencialRead more\" \/>\n<meta property=\"og:url\" content=\"https:\/\/fincamps.com\/2021\/07\/01\/cuales-van-a-ser-las-tendencias-inmobiliarias-para-este-verano\/\" \/>\n<meta property=\"og:site_name\" content=\"FINCAMPS - Inmobiliaria de Sabadell\" \/>\n<meta property=\"article:published_time\" content=\"2021-12-14T10:42:17+00:00\" \/>\n<meta property=\"article:modified_time\" content=\"2021-12-14T11:41:28+00:00\" \/>\n<meta property=\"og:image\" content=\"https:\/\/fincamps.com\/wp-content\/uploads\/2021\/05\/venta-de-casas-Sant-Quirze.jpg\" \/>\n\t<meta property=\"og:image:width\" content=\"626\" \/>\n\t<meta property=\"og:image:height\" content=\"250\" \/>\n\t<meta property=\"og:image:type\" content=\"image\/jpeg\" \/>\n<meta name=\"author\" content=\"webmaster@onlinevalles.es\" \/>\n<meta name=\"twitter:card\" content=\"summary_large_image\" \/>\n<meta name=\"twitter:label1\" content=\"Escrit per\" \/>\n\t<meta name=\"twitter:data1\" content=\"webmaster@onlinevalles.es\" \/>\n\t<meta name=\"twitter:label2\" content=\"Temps estimat de lectura\" \/>\n\t<meta name=\"twitter:data2\" content=\"3 minuts\" \/>\n<script type=\"application\/ld+json\" class=\"yoast-schema-graph\">{\"@context\":\"https:\/\/schema.org\",\"@graph\":[{\"@type\":\"WebPage\",\"@id\":\"https:\/\/fincamps.com\/2021\/07\/01\/cuales-van-a-ser-las-tendencias-inmobiliarias-para-este-verano\/\",\"url\":\"https:\/\/fincamps.com\/2021\/07\/01\/cuales-van-a-ser-las-tendencias-inmobiliarias-para-este-verano\/\",\"name\":\"Quins seran les tend\u00e8ncies immobili\u00e0ries per a aquest estiu? - FINCAMPS - Inmobiliaria de Sabadell\",\"isPartOf\":{\"@id\":\"https:\/\/fincamps.com\/#website\"},\"primaryImageOfPage\":{\"@id\":\"https:\/\/fincamps.com\/2021\/07\/01\/cuales-van-a-ser-las-tendencias-inmobiliarias-para-este-verano\/#primaryimage\"},\"image\":{\"@id\":\"https:\/\/fincamps.com\/2021\/07\/01\/cuales-van-a-ser-las-tendencias-inmobiliarias-para-este-verano\/#primaryimage\"},\"thumbnailUrl\":\"https:\/\/fincamps.com\/wp-content\/uploads\/2021\/05\/venta-de-casas-Sant-Quirze.jpg\",\"datePublished\":\"2021-12-14T10:42:17+00:00\",\"dateModified\":\"2021-12-14T11:41:28+00:00\",\"author\":{\"@id\":\"https:\/\/fincamps.com\/#\/schema\/person\/cd86f1149424a2f53ddd1236210bd23e\"},\"breadcrumb\":{\"@id\":\"https:\/\/fincamps.com\/2021\/07\/01\/cuales-van-a-ser-las-tendencias-inmobiliarias-para-este-verano\/#breadcrumb\"},\"inLanguage\":\"ca\",\"potentialAction\":[{\"@type\":\"ReadAction\",\"target\":[\"https:\/\/fincamps.com\/2021\/07\/01\/cuales-van-a-ser-las-tendencias-inmobiliarias-para-este-verano\/\"]}]},{\"@type\":\"ImageObject\",\"inLanguage\":\"ca\",\"@id\":\"https:\/\/fincamps.com\/2021\/07\/01\/cuales-van-a-ser-las-tendencias-inmobiliarias-para-este-verano\/#primaryimage\",\"url\":\"https:\/\/fincamps.com\/wp-content\/uploads\/2021\/05\/venta-de-casas-Sant-Quirze.jpg\",\"contentUrl\":\"https:\/\/fincamps.com\/wp-content\/uploads\/2021\/05\/venta-de-casas-Sant-Quirze.jpg\",\"width\":626,\"height\":250,\"caption\":\"Persona sujetando llaves para la Venta Casas Sabadell\"},{\"@type\":\"BreadcrumbList\",\"@id\":\"https:\/\/fincamps.com\/2021\/07\/01\/cuales-van-a-ser-las-tendencias-inmobiliarias-para-este-verano\/#breadcrumb\",\"itemListElement\":[{\"@type\":\"ListItem\",\"position\":1,\"name\":\"Portada\",\"item\":\"https:\/\/fincamps.com\/ca\/\"},{\"@type\":\"ListItem\",\"position\":2,\"name\":\"Quins seran les tend\u00e8ncies immobili\u00e0ries per a aquest estiu?\"}]},{\"@type\":\"WebSite\",\"@id\":\"https:\/\/fincamps.com\/#website\",\"url\":\"https:\/\/fincamps.com\/\",\"name\":\"FINCAMPS - Inmobiliaria de Sabadell\",\"description\":\"Inmobiliaria de Sabadell, especializada en la compra y venta de pisos, casas, oficinas y todo tipo de inmuebles y viviendas en Sabadell\",\"potentialAction\":[{\"@type\":\"SearchAction\",\"target\":{\"@type\":\"EntryPoint\",\"urlTemplate\":\"https:\/\/fincamps.com\/?s={search_term_string}\"},\"query-input\":{\"@type\":\"PropertyValueSpecification\",\"valueRequired\":true,\"valueName\":\"search_term_string\"}}],\"inLanguage\":\"ca\"},{\"@type\":\"Person\",\"@id\":\"https:\/\/fincamps.com\/#\/schema\/person\/cd86f1149424a2f53ddd1236210bd23e\",\"name\":\"webmaster@onlinevalles.es\",\"image\":{\"@type\":\"ImageObject\",\"inLanguage\":\"ca\",\"@id\":\"https:\/\/fincamps.com\/#\/schema\/person\/image\/\",\"url\":\"https:\/\/secure.gravatar.com\/avatar\/e96b3c8646176b9c2183c05c7b01519218ec97bbb051ba6e165ecf212d484fe2?s=96&d=mm&r=g\",\"contentUrl\":\"https:\/\/secure.gravatar.com\/avatar\/e96b3c8646176b9c2183c05c7b01519218ec97bbb051ba6e165ecf212d484fe2?s=96&d=mm&r=g\",\"caption\":\"webmaster@onlinevalles.es\"},\"url\":\"https:\/\/fincamps.com\/ca\/author\/webmasteronlinevalles-es\/\"}]}<\/script>\n<!-- \/ Yoast SEO plugin. -->","yoast_head_json":{"title":"Quins seran les tend\u00e8ncies immobili\u00e0ries per a aquest estiu? - FINCAMPS - Inmobiliaria de Sabadell","robots":{"index":"index","follow":"follow","max-snippet":"max-snippet:-1","max-image-preview":"max-image-preview:large","max-video-preview":"max-video-preview:-1"},"canonical":"https:\/\/fincamps.com\/2021\/07\/01\/cuales-van-a-ser-las-tendencias-inmobiliarias-para-este-verano\/","og_locale":"ca_ES","og_type":"article","og_title":"Quins seran les tend\u00e8ncies immobili\u00e0ries per a aquest estiu? - FINCAMPS - Inmobiliaria de Sabadell","og_description":"En l&#8217;article d&#8217;avui et parlarem de les tend\u00e8ncies immobili\u00e0ries que viurem aquest estiu, entre les quals es troba l&#8217;allotjament tur\u00edstic i la segona resid\u00e8ncia, entre altres opcions. En les zones costaneres, per exemple, estan pendents de l&#8217;obertura de fronteres internacionals i en la possible reactivaci\u00f3 del turisme, despr\u00e9s de la Covid-19. De fet, les tend\u00e8ncies immobili\u00e0ries en el sector residencialRead more","og_url":"https:\/\/fincamps.com\/2021\/07\/01\/cuales-van-a-ser-las-tendencias-inmobiliarias-para-este-verano\/","og_site_name":"FINCAMPS - Inmobiliaria de Sabadell","article_published_time":"2021-12-14T10:42:17+00:00","article_modified_time":"2021-12-14T11:41:28+00:00","og_image":[{"width":626,"height":250,"url":"https:\/\/fincamps.com\/wp-content\/uploads\/2021\/05\/venta-de-casas-Sant-Quirze.jpg","type":"image\/jpeg"}],"author":"webmaster@onlinevalles.es","twitter_card":"summary_large_image","twitter_misc":{"Escrit per":"webmaster@onlinevalles.es","Temps estimat de lectura":"3 minuts"},"schema":{"@context":"https:\/\/schema.org","@graph":[{"@type":"WebPage","@id":"https:\/\/fincamps.com\/2021\/07\/01\/cuales-van-a-ser-las-tendencias-inmobiliarias-para-este-verano\/","url":"https:\/\/fincamps.com\/2021\/07\/01\/cuales-van-a-ser-las-tendencias-inmobiliarias-para-este-verano\/","name":"Quins seran les tend\u00e8ncies immobili\u00e0ries per a aquest estiu? - FINCAMPS - Inmobiliaria de Sabadell","isPartOf":{"@id":"https:\/\/fincamps.com\/#website"},"primaryImageOfPage":{"@id":"https:\/\/fincamps.com\/2021\/07\/01\/cuales-van-a-ser-las-tendencias-inmobiliarias-para-este-verano\/#primaryimage"},"image":{"@id":"https:\/\/fincamps.com\/2021\/07\/01\/cuales-van-a-ser-las-tendencias-inmobiliarias-para-este-verano\/#primaryimage"},"thumbnailUrl":"https:\/\/fincamps.com\/wp-content\/uploads\/2021\/05\/venta-de-casas-Sant-Quirze.jpg","datePublished":"2021-12-14T10:42:17+00:00","dateModified":"2021-12-14T11:41:28+00:00","author":{"@id":"https:\/\/fincamps.com\/#\/schema\/person\/cd86f1149424a2f53ddd1236210bd23e"},"breadcrumb":{"@id":"https:\/\/fincamps.com\/2021\/07\/01\/cuales-van-a-ser-las-tendencias-inmobiliarias-para-este-verano\/#breadcrumb"},"inLanguage":"ca","potentialAction":[{"@type":"ReadAction","target":["https:\/\/fincamps.com\/2021\/07\/01\/cuales-van-a-ser-las-tendencias-inmobiliarias-para-este-verano\/"]}]},{"@type":"ImageObject","inLanguage":"ca","@id":"https:\/\/fincamps.com\/2021\/07\/01\/cuales-van-a-ser-las-tendencias-inmobiliarias-para-este-verano\/#primaryimage","url":"https:\/\/fincamps.com\/wp-content\/uploads\/2021\/05\/venta-de-casas-Sant-Quirze.jpg","contentUrl":"https:\/\/fincamps.com\/wp-content\/uploads\/2021\/05\/venta-de-casas-Sant-Quirze.jpg","width":626,"height":250,"caption":"Persona sujetando llaves para la Venta Casas Sabadell"},{"@type":"BreadcrumbList","@id":"https:\/\/fincamps.com\/2021\/07\/01\/cuales-van-a-ser-las-tendencias-inmobiliarias-para-este-verano\/#breadcrumb","itemListElement":[{"@type":"ListItem","position":1,"name":"Portada","item":"https:\/\/fincamps.com\/ca\/"},{"@type":"ListItem","position":2,"name":"Quins seran les tend\u00e8ncies immobili\u00e0ries per a aquest estiu?"}]},{"@type":"WebSite","@id":"https:\/\/fincamps.com\/#website","url":"https:\/\/fincamps.com\/","name":"FINCAMPS - Inmobiliaria de Sabadell","description":"Inmobiliaria de Sabadell, especializada en la compra y venta de pisos, casas, oficinas y todo tipo de inmuebles y viviendas en Sabadell","potentialAction":[{"@type":"SearchAction","target":{"@type":"EntryPoint","urlTemplate":"https:\/\/fincamps.com\/?s={search_term_string}"},"query-input":{"@type":"PropertyValueSpecification","valueRequired":true,"valueName":"search_term_string"}}],"inLanguage":"ca"},{"@type":"Person","@id":"https:\/\/fincamps.com\/#\/schema\/person\/cd86f1149424a2f53ddd1236210bd23e","name":"webmaster@onlinevalles.es","image":{"@type":"ImageObject","inLanguage":"ca","@id":"https:\/\/fincamps.com\/#\/schema\/person\/image\/","url":"https:\/\/secure.gravatar.com\/avatar\/e96b3c8646176b9c2183c05c7b01519218ec97bbb051ba6e165ecf212d484fe2?s=96&d=mm&r=g","contentUrl":"https:\/\/secure.gravatar.com\/avatar\/e96b3c8646176b9c2183c05c7b01519218ec97bbb051ba6e165ecf212d484fe2?s=96&d=mm&r=g","caption":"webmaster@onlinevalles.es"},"url":"https:\/\/fincamps.com\/ca\/author\/webmasteronlinevalles-es\/"}]}},"_links":{"self":[{"href":"https:\/\/fincamps.com\/ca\/wp-json\/wp\/v2\/posts\/1152","targetHints":{"allow":["GET"]}}],"collection":[{"href":"https:\/\/fincamps.com\/ca\/wp-json\/wp\/v2\/posts"}],"about":[{"href":"https:\/\/fincamps.com\/ca\/wp-json\/wp\/v2\/types\/post"}],"author":[{"embeddable":true,"href":"https:\/\/fincamps.com\/ca\/wp-json\/wp\/v2\/users\/1"}],"replies":[{"embeddable":true,"href":"https:\/\/fincamps.com\/ca\/wp-json\/wp\/v2\/comments?post=1152"}],"version-history":[{"count":2,"href":"https:\/\/fincamps.com\/ca\/wp-json\/wp\/v2\/posts\/1152\/revisions"}],"predecessor-version":[{"id":1185,"href":"https:\/\/fincamps.com\/ca\/wp-json\/wp\/v2\/posts\/1152\/revisions\/1185"}],"wp:featuredmedia":[{"embeddable":true,"href":"https:\/\/fincamps.com\/ca\/wp-json\/wp\/v2\/media\/672"}],"wp:attachment":[{"href":"https:\/\/fincamps.com\/ca\/wp-json\/wp\/v2\/media?parent=1152"}],"wp:term":[{"taxonomy":"category","embeddable":true,"href":"https:\/\/fincamps.com\/ca\/wp-json\/wp\/v2\/categories?post=1152"},{"taxonomy":"post_tag","embeddable":true,"href":"https:\/\/fincamps.com\/ca\/wp-json\/wp\/v2\/tags?post=1152"}],"curies":[{"name":"wp","href":"https:\/\/api.w.org\/{rel}","templated":true}]}}