{"id":1016,"date":"2021-12-09T10:17:09","date_gmt":"2021-12-09T10:17:09","guid":{"rendered":"https:\/\/fincamps.com\/ca\/?p=1016"},"modified":"2021-12-09T10:17:09","modified_gmt":"2021-12-09T10:17:09","slug":"descobreix-el-poder-de-la-imatge","status":"publish","type":"post","link":"https:\/\/fincamps.com\/ca\/2021\/12\/09\/descobreix-el-poder-de-la-imatge\/","title":{"rendered":"Descobreix el poder de la imatge"},"content":{"rendered":"<p style=\"text-align: justify;\">Avui, des de la teva <a href=\"https:\/\/fincamps.com\/ca\/\"><strong>immobili\u00e0ria a Sabadell<\/strong><\/a> t&#8217;expliquem com fer fotos i v\u00eddeos del teu habitatge amb el teu tel\u00e8fon, per a aconseguir la millor carta de presentaci\u00f3 per a vendre o llogar el teu immoble sense haver de contractar un fot\u00f2graf professional.<\/p>\n<ul>\n<li style=\"text-align: justify;\">Abans de comen\u00e7ar pensa en quin moment del dia tindr\u00e0s una major entrada de llum natural, col\u00b7loca i distribueix els elements en l&#8217;espai d&#8217;una forma coherent, bonica i atractiva a la vista.<\/li>\n<li style=\"text-align: justify;\">Retira tots els objectes personals i fotografia un espai que transmeti pau, calidesa i que sembli un lloc casol\u00e0 i confortable, preparat per a comen\u00e7ar a viure.<\/li>\n<li style=\"text-align: justify;\">\u00c9s recomanable tenir clar quins s\u00f3n els punts forts i febles de l&#8217;espai per a oferir m\u00e9s fotografies de les estades amb m\u00e9s llum, les que s\u00f3n m\u00e9s \u00e0mplies, si tens jard\u00ed, piscina o terrassa, garatge, etc. Haur\u00e0s de fotografiar tots els racons, per\u00f2 \u00e9s important tenir clar quins s\u00f3n els punts forts del teu immoble per a destacar-los de la millor manera possible en les fotografies que realitzis.<\/li>\n<li style=\"text-align: justify;\">Com a <strong>immobili\u00e0ria a Sabadell<\/strong> podem dir-te que l&#8217;enquadrament, l&#8217;enfocament i, sobretot, l&#8217;orientaci\u00f3 de la fotografia seran claus perqu\u00e8 el teu pis pugui llogar-se o vendre&#8217;s m\u00e9s r\u00e0pidament. Aposta per fotos panor\u00e0miques i evita les imatges verticals, ja que en les panor\u00e0miques s&#8217;observa millor l&#8217;espai i pot apreciar-se una imatge m\u00e9s realista.<\/li>\n<li style=\"text-align: justify;\">Quan facis la fotografia, el tel\u00e8fon ha d&#8217;estar a l&#8217;altura dels teus ulls i del pit, perqu\u00e8 \u00e9s l&#8217;altura a la qual qualsevol usuari obt\u00e9 la informaci\u00f3 visual des del dispositiu.<\/li>\n<li style=\"text-align: justify;\">Combina diversos tipus d&#8217;enfocament per a donar dinamisme a les fotografies, pots aconseguir-ho fent plans diagonals, plans\u00a0zenitales, panor\u00e0miques, etc.<\/li>\n<li style=\"text-align: justify;\">Si veus que alguna de les fotografies no ha quedat b\u00e9 perqu\u00e8 est\u00e0 a contra llum o b\u00e9 no s&#8217;aprecia el color amb la m\u00e0xima nitidesa, pots editar-les d&#8217;una forma natural i simplement per a millorar la qualitat de la imatge, sense fer cap retoc que distorsioni la realitat.<\/li>\n<\/ul>\n<h2 style=\"text-align: justify;\">Aposta tamb\u00e9 pels v\u00eddeos<\/h2>\n<p style=\"text-align: justify;\">\nCom a <strong>immobili\u00e0ria a Sabadell<\/strong> tamb\u00e9 t&#8217;animem a fer v\u00eddeos a manera de tour virtual, perqu\u00e8 l&#8217;usuari tingui l&#8217;oportunitat de veure en moviment l&#8217;espai i de moure&#8217;s per l&#8217;interior i l&#8217;exterior de l&#8217;immoble, com si fos all\u00ed personalment. \u00c9s una forma din\u00e0mica, c\u00f2moda i pr\u00e0ctica de poder visitar la casa evitant temps i diners a les dues parts, tant als quals volen visitar el pis com a qui l&#8217;ha d&#8217;ensenyar. A trav\u00e9s de fotografies de bona qualitat i v\u00eddeos o tours virtuals, l&#8217;immoble es vendr\u00e0 molt m\u00e9s r\u00e0pid i els usuaris quedaran molt agra\u00efts per haver obtingut aquesta carta de presentaci\u00f3 d&#8217;un dels immobles que li han interessat.<\/p>\n<p>La informaci\u00f3 \u00e9s poder i, si parlem de vendre un pis, tota informaci\u00f3 \u00e9s poca per a l&#8217;interessat a comprar-lo. Aprofita l&#8217;anunci per a donar informaci\u00f3 escrita, amb fotografies i amb v\u00eddeos, perqu\u00e8 el visitant virtual pugui saber tot all\u00f2 que li interessa d&#8217;una forma transparent i real.<\/p>\n<p>T&#8217;esperem a la nostra <strong>immobili\u00e0ria a Sabadell<\/strong> per a ajudar-te en tot el que necessitis!<\/p>\n","protected":false},"excerpt":{"rendered":"<p>Avui, des de la teva immobili\u00e0ria a Sabadell t&#8217;expliquem com fer fotos i v\u00eddeos del teu habitatge amb el teu tel\u00e8fon, per a aconseguir la millor carta de presentaci\u00f3 per a vendre o llogar el teu immoble sense haver de contractar un fot\u00f2graf professional. Abans de comen\u00e7ar pensa en quin moment del dia tindr\u00e0s una major entrada de llum natural,<\/p>\n<div class=\"h10\"><\/div>\n<p><a class=\"more-link1\" href=\"https:\/\/fincamps.com\/ca\/2021\/12\/09\/descobreix-el-poder-de-la-imatge\/\">Read more<\/a><\/p>\n","protected":false},"author":1,"featured_media":164,"comment_status":"open","ping_status":"open","sticky":false,"template":"","format":"standard","meta":{"footnotes":""},"categories":[266,1],"tags":[271],"class_list":["post-1016","post","type-post","status-publish","format-standard","has-post-thumbnail","hentry","category-immobiliaria-sabadell","category-sin-categorizar","tag-immobiliaries-sabadell"],"yoast_head":"<!-- This site is optimized with the Yoast SEO plugin v26.2 - https:\/\/yoast.com\/wordpress\/plugins\/seo\/ -->\n<title>Descobreix el poder de la imatge - FINCAMPS - Inmobiliaria de Sabadell<\/title>\n<meta name=\"robots\" content=\"index, follow, max-snippet:-1, max-image-preview:large, max-video-preview:-1\" \/>\n<link rel=\"canonical\" href=\"https:\/\/fincamps.com\/2020\/03\/02\/descubre-el-poder-de-la-imagen\/\" \/>\n<meta property=\"og:locale\" content=\"ca_ES\" \/>\n<meta property=\"og:type\" content=\"article\" \/>\n<meta property=\"og:title\" content=\"Descobreix el poder de la imatge - FINCAMPS - Inmobiliaria de Sabadell\" \/>\n<meta property=\"og:description\" content=\"Avui, des de la teva immobili\u00e0ria a Sabadell t&#8217;expliquem com fer fotos i v\u00eddeos del teu habitatge amb el teu tel\u00e8fon, per a aconseguir la millor carta de presentaci\u00f3 per a vendre o llogar el teu immoble sense haver de contractar un fot\u00f2graf professional. Abans de comen\u00e7ar pensa en quin moment del dia tindr\u00e0s una major entrada de llum natural,Read more\" \/>\n<meta property=\"og:url\" content=\"https:\/\/fincamps.com\/2020\/03\/02\/descubre-el-poder-de-la-imagen\/\" \/>\n<meta property=\"og:site_name\" content=\"FINCAMPS - Inmobiliaria de Sabadell\" \/>\n<meta property=\"article:published_time\" content=\"2021-12-09T10:17:09+00:00\" \/>\n<meta property=\"og:image\" content=\"https:\/\/fincamps.com\/wp-content\/uploads\/2020\/03\/vivienda-sabadell.jpg\" \/>\n\t<meta property=\"og:image:width\" content=\"1200\" \/>\n\t<meta property=\"og:image:height\" content=\"480\" \/>\n\t<meta property=\"og:image:type\" content=\"image\/jpeg\" \/>\n<meta name=\"author\" content=\"webmaster@onlinevalles.es\" \/>\n<meta name=\"twitter:card\" content=\"summary_large_image\" \/>\n<meta name=\"twitter:label1\" content=\"Escrit per\" \/>\n\t<meta name=\"twitter:data1\" content=\"webmaster@onlinevalles.es\" \/>\n\t<meta name=\"twitter:label2\" content=\"Temps estimat de lectura\" \/>\n\t<meta name=\"twitter:data2\" content=\"3 minuts\" \/>\n<script type=\"application\/ld+json\" class=\"yoast-schema-graph\">{\"@context\":\"https:\/\/schema.org\",\"@graph\":[{\"@type\":\"WebPage\",\"@id\":\"https:\/\/fincamps.com\/2020\/03\/02\/descubre-el-poder-de-la-imagen\/\",\"url\":\"https:\/\/fincamps.com\/2020\/03\/02\/descubre-el-poder-de-la-imagen\/\",\"name\":\"Descobreix el poder de la imatge - FINCAMPS - Inmobiliaria de Sabadell\",\"isPartOf\":{\"@id\":\"https:\/\/fincamps.com\/#website\"},\"primaryImageOfPage\":{\"@id\":\"https:\/\/fincamps.com\/2020\/03\/02\/descubre-el-poder-de-la-imagen\/#primaryimage\"},\"image\":{\"@id\":\"https:\/\/fincamps.com\/2020\/03\/02\/descubre-el-poder-de-la-imagen\/#primaryimage\"},\"thumbnailUrl\":\"https:\/\/fincamps.com\/wp-content\/uploads\/2020\/03\/vivienda-sabadell.jpg\",\"datePublished\":\"2021-12-09T10:17:09+00:00\",\"author\":{\"@id\":\"https:\/\/fincamps.com\/#\/schema\/person\/cd86f1149424a2f53ddd1236210bd23e\"},\"breadcrumb\":{\"@id\":\"https:\/\/fincamps.com\/2020\/03\/02\/descubre-el-poder-de-la-imagen\/#breadcrumb\"},\"inLanguage\":\"ca\",\"potentialAction\":[{\"@type\":\"ReadAction\",\"target\":[\"https:\/\/fincamps.com\/2020\/03\/02\/descubre-el-poder-de-la-imagen\/\"]}]},{\"@type\":\"ImageObject\",\"inLanguage\":\"ca\",\"@id\":\"https:\/\/fincamps.com\/2020\/03\/02\/descubre-el-poder-de-la-imagen\/#primaryimage\",\"url\":\"https:\/\/fincamps.com\/wp-content\/uploads\/2020\/03\/vivienda-sabadell.jpg\",\"contentUrl\":\"https:\/\/fincamps.com\/wp-content\/uploads\/2020\/03\/vivienda-sabadell.jpg\",\"width\":1200,\"height\":480,\"caption\":\"Vivienda reci\u00e9n reformada y construida en las afueras de una ciudad\"},{\"@type\":\"BreadcrumbList\",\"@id\":\"https:\/\/fincamps.com\/2020\/03\/02\/descubre-el-poder-de-la-imagen\/#breadcrumb\",\"itemListElement\":[{\"@type\":\"ListItem\",\"position\":1,\"name\":\"Portada\",\"item\":\"https:\/\/fincamps.com\/ca\/\"},{\"@type\":\"ListItem\",\"position\":2,\"name\":\"Descobreix el poder de la imatge\"}]},{\"@type\":\"WebSite\",\"@id\":\"https:\/\/fincamps.com\/#website\",\"url\":\"https:\/\/fincamps.com\/\",\"name\":\"FINCAMPS - Inmobiliaria de Sabadell\",\"description\":\"Inmobiliaria de Sabadell, especializada en la compra y venta de pisos, casas, oficinas y todo tipo de inmuebles y viviendas en Sabadell\",\"potentialAction\":[{\"@type\":\"SearchAction\",\"target\":{\"@type\":\"EntryPoint\",\"urlTemplate\":\"https:\/\/fincamps.com\/?s={search_term_string}\"},\"query-input\":{\"@type\":\"PropertyValueSpecification\",\"valueRequired\":true,\"valueName\":\"search_term_string\"}}],\"inLanguage\":\"ca\"},{\"@type\":\"Person\",\"@id\":\"https:\/\/fincamps.com\/#\/schema\/person\/cd86f1149424a2f53ddd1236210bd23e\",\"name\":\"webmaster@onlinevalles.es\",\"image\":{\"@type\":\"ImageObject\",\"inLanguage\":\"ca\",\"@id\":\"https:\/\/fincamps.com\/#\/schema\/person\/image\/\",\"url\":\"https:\/\/secure.gravatar.com\/avatar\/e96b3c8646176b9c2183c05c7b01519218ec97bbb051ba6e165ecf212d484fe2?s=96&d=mm&r=g\",\"contentUrl\":\"https:\/\/secure.gravatar.com\/avatar\/e96b3c8646176b9c2183c05c7b01519218ec97bbb051ba6e165ecf212d484fe2?s=96&d=mm&r=g\",\"caption\":\"webmaster@onlinevalles.es\"},\"url\":\"https:\/\/fincamps.com\/ca\/author\/webmasteronlinevalles-es\/\"}]}<\/script>\n<!-- \/ Yoast SEO plugin. -->","yoast_head_json":{"title":"Descobreix el poder de la imatge - FINCAMPS - Inmobiliaria de Sabadell","robots":{"index":"index","follow":"follow","max-snippet":"max-snippet:-1","max-image-preview":"max-image-preview:large","max-video-preview":"max-video-preview:-1"},"canonical":"https:\/\/fincamps.com\/2020\/03\/02\/descubre-el-poder-de-la-imagen\/","og_locale":"ca_ES","og_type":"article","og_title":"Descobreix el poder de la imatge - FINCAMPS - Inmobiliaria de Sabadell","og_description":"Avui, des de la teva immobili\u00e0ria a Sabadell t&#8217;expliquem com fer fotos i v\u00eddeos del teu habitatge amb el teu tel\u00e8fon, per a aconseguir la millor carta de presentaci\u00f3 per a vendre o llogar el teu immoble sense haver de contractar un fot\u00f2graf professional. Abans de comen\u00e7ar pensa en quin moment del dia tindr\u00e0s una major entrada de llum natural,Read more","og_url":"https:\/\/fincamps.com\/2020\/03\/02\/descubre-el-poder-de-la-imagen\/","og_site_name":"FINCAMPS - Inmobiliaria de Sabadell","article_published_time":"2021-12-09T10:17:09+00:00","og_image":[{"width":1200,"height":480,"url":"https:\/\/fincamps.com\/wp-content\/uploads\/2020\/03\/vivienda-sabadell.jpg","type":"image\/jpeg"}],"author":"webmaster@onlinevalles.es","twitter_card":"summary_large_image","twitter_misc":{"Escrit per":"webmaster@onlinevalles.es","Temps estimat de lectura":"3 minuts"},"schema":{"@context":"https:\/\/schema.org","@graph":[{"@type":"WebPage","@id":"https:\/\/fincamps.com\/2020\/03\/02\/descubre-el-poder-de-la-imagen\/","url":"https:\/\/fincamps.com\/2020\/03\/02\/descubre-el-poder-de-la-imagen\/","name":"Descobreix el poder de la imatge - FINCAMPS - Inmobiliaria de Sabadell","isPartOf":{"@id":"https:\/\/fincamps.com\/#website"},"primaryImageOfPage":{"@id":"https:\/\/fincamps.com\/2020\/03\/02\/descubre-el-poder-de-la-imagen\/#primaryimage"},"image":{"@id":"https:\/\/fincamps.com\/2020\/03\/02\/descubre-el-poder-de-la-imagen\/#primaryimage"},"thumbnailUrl":"https:\/\/fincamps.com\/wp-content\/uploads\/2020\/03\/vivienda-sabadell.jpg","datePublished":"2021-12-09T10:17:09+00:00","author":{"@id":"https:\/\/fincamps.com\/#\/schema\/person\/cd86f1149424a2f53ddd1236210bd23e"},"breadcrumb":{"@id":"https:\/\/fincamps.com\/2020\/03\/02\/descubre-el-poder-de-la-imagen\/#breadcrumb"},"inLanguage":"ca","potentialAction":[{"@type":"ReadAction","target":["https:\/\/fincamps.com\/2020\/03\/02\/descubre-el-poder-de-la-imagen\/"]}]},{"@type":"ImageObject","inLanguage":"ca","@id":"https:\/\/fincamps.com\/2020\/03\/02\/descubre-el-poder-de-la-imagen\/#primaryimage","url":"https:\/\/fincamps.com\/wp-content\/uploads\/2020\/03\/vivienda-sabadell.jpg","contentUrl":"https:\/\/fincamps.com\/wp-content\/uploads\/2020\/03\/vivienda-sabadell.jpg","width":1200,"height":480,"caption":"Vivienda reci\u00e9n reformada y construida en las afueras de una ciudad"},{"@type":"BreadcrumbList","@id":"https:\/\/fincamps.com\/2020\/03\/02\/descubre-el-poder-de-la-imagen\/#breadcrumb","itemListElement":[{"@type":"ListItem","position":1,"name":"Portada","item":"https:\/\/fincamps.com\/ca\/"},{"@type":"ListItem","position":2,"name":"Descobreix el poder de la imatge"}]},{"@type":"WebSite","@id":"https:\/\/fincamps.com\/#website","url":"https:\/\/fincamps.com\/","name":"FINCAMPS - Inmobiliaria de Sabadell","description":"Inmobiliaria de Sabadell, especializada en la compra y venta de pisos, casas, oficinas y todo tipo de inmuebles y viviendas en Sabadell","potentialAction":[{"@type":"SearchAction","target":{"@type":"EntryPoint","urlTemplate":"https:\/\/fincamps.com\/?s={search_term_string}"},"query-input":{"@type":"PropertyValueSpecification","valueRequired":true,"valueName":"search_term_string"}}],"inLanguage":"ca"},{"@type":"Person","@id":"https:\/\/fincamps.com\/#\/schema\/person\/cd86f1149424a2f53ddd1236210bd23e","name":"webmaster@onlinevalles.es","image":{"@type":"ImageObject","inLanguage":"ca","@id":"https:\/\/fincamps.com\/#\/schema\/person\/image\/","url":"https:\/\/secure.gravatar.com\/avatar\/e96b3c8646176b9c2183c05c7b01519218ec97bbb051ba6e165ecf212d484fe2?s=96&d=mm&r=g","contentUrl":"https:\/\/secure.gravatar.com\/avatar\/e96b3c8646176b9c2183c05c7b01519218ec97bbb051ba6e165ecf212d484fe2?s=96&d=mm&r=g","caption":"webmaster@onlinevalles.es"},"url":"https:\/\/fincamps.com\/ca\/author\/webmasteronlinevalles-es\/"}]}},"_links":{"self":[{"href":"https:\/\/fincamps.com\/ca\/wp-json\/wp\/v2\/posts\/1016","targetHints":{"allow":["GET"]}}],"collection":[{"href":"https:\/\/fincamps.com\/ca\/wp-json\/wp\/v2\/posts"}],"about":[{"href":"https:\/\/fincamps.com\/ca\/wp-json\/wp\/v2\/types\/post"}],"author":[{"embeddable":true,"href":"https:\/\/fincamps.com\/ca\/wp-json\/wp\/v2\/users\/1"}],"replies":[{"embeddable":true,"href":"https:\/\/fincamps.com\/ca\/wp-json\/wp\/v2\/comments?post=1016"}],"version-history":[{"count":1,"href":"https:\/\/fincamps.com\/ca\/wp-json\/wp\/v2\/posts\/1016\/revisions"}],"predecessor-version":[{"id":1018,"href":"https:\/\/fincamps.com\/ca\/wp-json\/wp\/v2\/posts\/1016\/revisions\/1018"}],"wp:featuredmedia":[{"embeddable":true,"href":"https:\/\/fincamps.com\/ca\/wp-json\/wp\/v2\/media\/164"}],"wp:attachment":[{"href":"https:\/\/fincamps.com\/ca\/wp-json\/wp\/v2\/media?parent=1016"}],"wp:term":[{"taxonomy":"category","embeddable":true,"href":"https:\/\/fincamps.com\/ca\/wp-json\/wp\/v2\/categories?post=1016"},{"taxonomy":"post_tag","embeddable":true,"href":"https:\/\/fincamps.com\/ca\/wp-json\/wp\/v2\/tags?post=1016"}],"curies":[{"name":"wp","href":"https:\/\/api.w.org\/{rel}","templated":true}]}}